{"id":775,"date":"2022-07-22T10:28:26","date_gmt":"2022-07-22T10:28:26","guid":{"rendered":"http:\/\/www.tin-hinane.org\/?p=775"},"modified":"2022-07-22T10:28:28","modified_gmt":"2022-07-22T10:28:28","slug":"association-pour-lepanouissement-des-femmes-nomades-tin-hinan-au-forum-politique-de-haut-niveau-pour-le-developpement-durable-2022-high-level-political-forum-hlpf","status":"publish","type":"post","link":"http:\/\/www.tin-hinane.org\/index.php\/2022\/07\/22\/association-pour-lepanouissement-des-femmes-nomades-tin-hinan-au-forum-politique-de-haut-niveau-pour-le-developpement-durable-2022-high-level-political-forum-hlpf\/","title":{"rendered":"Association pour l\u2019\u00e9panouissement des femmes nomades, Tin Hinan au Forum Politique de Haut Niveau pour le d\u00e9veloppement Durable 2022 (High Level Political Forum \u2013 HLPF)"},"content":{"rendered":"\n<p>Le <a rel=\"noreferrer noopener\" href=\"https:\/\/hlpf.un.org\/\" target=\"_blank\">Forum Politique de Haut Niveau<\/a> est la principale plateforme des Nations unies sur le d\u00e9veloppement durable. Il joue un r\u00f4le central dans le suivi et l&#8217;examen de la mise en \u0153uvre du Programme 2030 pour le d\u00e9veloppement durable et de ses Objectifs de D\u00e9veloppement Durable (ODD). Tous les \u00c9tats membres de l&#8217;ONU ainsi que des repr\u00e9sentants d&#8217;organisations de la soci\u00e9t\u00e9 civile participent au HLPF, qui s\u2019est r\u00e9unit sous les auspices du Conseil Economique et Social (ECOSOC) de l&#8217;ONU du 5 au 15 Juillet 2022 \u00e0 New York.<\/p>\n\n\n\n<p>Tin Hinan, repr\u00e9sent\u00e9 par la Secr\u00e9taire G\u00e9n\u00e9rale Saoudata Wallet Aboubacrine, en collaboration avec le projet <a rel=\"noreferrer noopener\" href=\"http:\/\/www.tin-hinane.org\/index.php\/2022\/05\/10\/podcast-projet-arramat-mettre-les-savoirs-autochtones-au-service-de-notre-planete-interview-de-mariam-wallet-aboubacrine\/\" target=\"_blank\">Arramat<\/a> repr\u00e9sent\u00e9 par Dr Mariam Wallet Aboubakrine et l\u2019<a rel=\"noreferrer noopener\" href=\"https:\/\/www.landislife.org\/\" target=\"_blank\">Organisation Land Is Life<\/a>, le <a rel=\"noreferrer noopener\" href=\"https:\/\/ffacameroon.org\/fr\/\" target=\"_blank\">Forum des Femmes Autochtones du Cameroun<\/a> repr\u00e9sent\u00e9 au HLPF par Aeisatu Bouba\u00a0 et l\u2019ONG Adjmor ont co-organis\u00e9 un \u00e9v\u00e8nement parall\u00e8le le 11 Juillet dont le th\u00e8me \u00e9tait\u00a0: \u00ab\u00a0La D\u00e9cennie de l\u2019action : Le r\u00f4le des peuples autochtones pour mieux reb\u00e2tir \u00e0 partir du COVID-19 et acc\u00e9l\u00e9rer la mise en \u0153uvre de l&#8217;Agenda 2030 en Afrique\u00a0\u00bb. Cette session a \u00e9t\u00e9 l&#8217;occasion d&#8217;entendre des t\u00e9moignages des repr\u00e9sentants des peuples autochtones de diverses sous-r\u00e9gions d&#8217;Afrique sur l\u2019impact du COVID-19 dans leurs communaut\u00e9s et leur implication dans la mise en \u0153uvre de l&#8217;Agenda 2030 au niveau local, national et international. Les autres points abord\u00e9s concernent le r\u00f4le des connaissances et des modes de vie autochtones dans la r\u00e9alisation des ODD, la r\u00e9ponse aux d\u00e9fis du changement climatique mondial et la protection de la diversit\u00e9 biologique de la Terre.<\/p>\n\n\n\n<div class=\"wp-block-image\"><figure class=\"aligncenter size-large is-resized\"><img loading=\"lazy\" decoding=\"async\" src=\"http:\/\/www.tin-hinane.org\/wp-content\/uploads\/2022\/07\/Saoudata-avec-les-enfants-1024x653.png\" alt=\"\" class=\"wp-image-776\" width=\"548\" height=\"349\" srcset=\"http:\/\/www.tin-hinane.org\/wp-content\/uploads\/2022\/07\/Saoudata-avec-les-enfants-1024x653.png 1024w, http:\/\/www.tin-hinane.org\/wp-content\/uploads\/2022\/07\/Saoudata-avec-les-enfants-300x191.png 300w, http:\/\/www.tin-hinane.org\/wp-content\/uploads\/2022\/07\/Saoudata-avec-les-enfants-768x490.png 768w, http:\/\/www.tin-hinane.org\/wp-content\/uploads\/2022\/07\/Saoudata-avec-les-enfants-960x612.png 960w, http:\/\/www.tin-hinane.org\/wp-content\/uploads\/2022\/07\/Saoudata-avec-les-enfants-600x383.png 600w, http:\/\/www.tin-hinane.org\/wp-content\/uploads\/2022\/07\/Saoudata-avec-les-enfants.png 1029w\" sizes=\"auto, (max-width: 548px) 100vw, 548px\" \/><figcaption>Cr\u00e9dit photo. MWA<br>Pan\u00e9listes de l\u2019\u00e9v\u00e8nement parall\u00e8le du HPLF<\/figcaption><\/figure><\/div>\n\n\n\n<p>Un autre point marquant est la participation de Tin Hinan \u00e0 l\u2019\u00e9laboration de la d\u00e9claration de la soci\u00e9t\u00e9 civile Malienne dans le cadre de l\u2019Examen National Volontaire du Mali sur la mise en \u0153uvre de l&#8217;Agenda 2030. Dr Mariam a int\u00e9gr\u00e9 les perspectives autochtones \u00e0 cette d\u00e9claration.\u00a0Voir <a rel=\"noreferrer noopener\" href=\"https:\/\/media.un.org\/index.php\/en\/asset\/k15\/k15dugcmh8\" target=\"_blank\">ce lien<\/a> pour la vid\u00e9o compl\u00e8te \u2013 Lecture de Dr Mariam \u00e0 partir de 1h57min.<\/p>\n\n\n\n<div class=\"wp-block-image\"><figure class=\"aligncenter size-large is-resized\"><img loading=\"lazy\" decoding=\"async\" src=\"http:\/\/www.tin-hinane.org\/wp-content\/uploads\/2022\/07\/Mariam-1-edited.jpg\" alt=\"\" class=\"wp-image-778\" width=\"402\" height=\"402\" srcset=\"http:\/\/www.tin-hinane.org\/wp-content\/uploads\/2022\/07\/Mariam-1-edited.jpg 1536w, http:\/\/www.tin-hinane.org\/wp-content\/uploads\/2022\/07\/Mariam-1-edited-300x300.jpg 300w, http:\/\/www.tin-hinane.org\/wp-content\/uploads\/2022\/07\/Mariam-1-edited-1024x1024.jpg 1024w, http:\/\/www.tin-hinane.org\/wp-content\/uploads\/2022\/07\/Mariam-1-edited-150x150.jpg 150w, http:\/\/www.tin-hinane.org\/wp-content\/uploads\/2022\/07\/Mariam-1-edited-768x768.jpg 768w, http:\/\/www.tin-hinane.org\/wp-content\/uploads\/2022\/07\/Mariam-1-edited-960x960.jpg 960w, http:\/\/www.tin-hinane.org\/wp-content\/uploads\/2022\/07\/Mariam-1-edited-600x600.jpg 600w, http:\/\/www.tin-hinane.org\/wp-content\/uploads\/2022\/07\/Mariam-1-edited-100x100.jpg 100w\" sizes=\"auto, (max-width: 402px) 100vw, 402px\" \/><figcaption>Cr\u00e9dit photo\u00a0: D. B<br>Dr Mariam (lecture de la d\u00e9claration session du conseil \u00e9conomique et sociale, le 12 juillet 2022<\/figcaption><\/figure><\/div>\n\n\n\n<p>En compagnie de l&#8217;ONG Land is Life, du Forum des Femmes Autochtones du Cameroun, du Groupe Majeur des Peuples Autochtones sur l&#8217;Agenda 2030, la Repr\u00e9sentante de Tin Hinan a rencontr\u00e9 le Secr\u00e9tariat de l&#8217;Instance Permanente des Nations Unies sur les Questions Autochtones, qui est un organe subsidiaire du Conseil Economique et Social (ECOSOC), afin de plaider \u00e0 ce que la mise en \u0153uvre de l&#8217;Agenda 2030 soit faite en s\u2019appuyant sur une approche bas\u00e9e sur les droits humains et que ce soit une des priorit\u00e9 des travaux de l&#8217;Instance. Il a eu plusieurs rencontres bilat\u00e9rales avec des repr\u00e9sentants (es) des autres Groupes Majeurs notamment ceux des ONG et des Femmes.<\/p>\n\n\n\n<div class=\"wp-block-image\"><figure class=\"aligncenter size-large is-resized\"><img loading=\"lazy\" decoding=\"async\" src=\"http:\/\/www.tin-hinane.org\/wp-content\/uploads\/2022\/07\/Femmes-autochtones-au-HLPF-2022-1024x768.jpg\" alt=\"\" class=\"wp-image-779\" width=\"509\" height=\"382\" srcset=\"http:\/\/www.tin-hinane.org\/wp-content\/uploads\/2022\/07\/Femmes-autochtones-au-HLPF-2022-1024x768.jpg 1024w, http:\/\/www.tin-hinane.org\/wp-content\/uploads\/2022\/07\/Femmes-autochtones-au-HLPF-2022-300x225.jpg 300w, http:\/\/www.tin-hinane.org\/wp-content\/uploads\/2022\/07\/Femmes-autochtones-au-HLPF-2022-768x576.jpg 768w, http:\/\/www.tin-hinane.org\/wp-content\/uploads\/2022\/07\/Femmes-autochtones-au-HLPF-2022-1536x1152.jpg 1536w, http:\/\/www.tin-hinane.org\/wp-content\/uploads\/2022\/07\/Femmes-autochtones-au-HLPF-2022-960x720.jpg 960w, http:\/\/www.tin-hinane.org\/wp-content\/uploads\/2022\/07\/Femmes-autochtones-au-HLPF-2022-600x450.jpg 600w, http:\/\/www.tin-hinane.org\/wp-content\/uploads\/2022\/07\/Femmes-autochtones-au-HLPF-2022.jpg 2048w\" sizes=\"auto, (max-width: 509px) 100vw, 509px\" \/><figcaption>Cr\u00e9dit photo\u00a0: D. B<br>Femmes autochtones au<a> HPLF<\/a><\/figcaption><\/figure><\/div>\n\n\n\n<div class=\"wp-block-image\"><figure class=\"aligncenter size-large is-resized\"><img loading=\"lazy\" decoding=\"async\" src=\"http:\/\/www.tin-hinane.org\/wp-content\/uploads\/2022\/07\/Femmes-autochtones-et-M.Doumbya-de-lOSC-Mali-768x1024.jpg\" alt=\"\" class=\"wp-image-780\" width=\"419\" height=\"560\" srcset=\"http:\/\/www.tin-hinane.org\/wp-content\/uploads\/2022\/07\/Femmes-autochtones-et-M.Doumbya-de-lOSC-Mali-768x1024.jpg 768w, http:\/\/www.tin-hinane.org\/wp-content\/uploads\/2022\/07\/Femmes-autochtones-et-M.Doumbya-de-lOSC-Mali-225x300.jpg 225w, http:\/\/www.tin-hinane.org\/wp-content\/uploads\/2022\/07\/Femmes-autochtones-et-M.Doumbya-de-lOSC-Mali-1152x1536.jpg 1152w, http:\/\/www.tin-hinane.org\/wp-content\/uploads\/2022\/07\/Femmes-autochtones-et-M.Doumbya-de-lOSC-Mali-960x1280.jpg 960w, http:\/\/www.tin-hinane.org\/wp-content\/uploads\/2022\/07\/Femmes-autochtones-et-M.Doumbya-de-lOSC-Mali-600x800.jpg 600w, http:\/\/www.tin-hinane.org\/wp-content\/uploads\/2022\/07\/Femmes-autochtones-et-M.Doumbya-de-lOSC-Mali.jpg 1500w\" sizes=\"auto, (max-width: 419px) 100vw, 419px\" \/><figcaption>Dr Mariam en compagnie de M. DOUMBYA de l\u2019OSC du Mali et Mme Aesatu Bouba de FFAC.<\/figcaption><\/figure><\/div>\n\n\n\n<div class=\"wp-block-image\"><figure class=\"aligncenter size-large is-resized\"><img loading=\"lazy\" decoding=\"async\" src=\"http:\/\/www.tin-hinane.org\/wp-content\/uploads\/2022\/07\/Rencontre-des-delegue.es-autochtones-au-HLPF2022-avec-le-Secretariat-UNFPII-1024x621.jpg\" alt=\"\" class=\"wp-image-781\" width=\"559\" height=\"339\" srcset=\"http:\/\/www.tin-hinane.org\/wp-content\/uploads\/2022\/07\/Rencontre-des-delegue.es-autochtones-au-HLPF2022-avec-le-Secretariat-UNFPII-1024x621.jpg 1024w, http:\/\/www.tin-hinane.org\/wp-content\/uploads\/2022\/07\/Rencontre-des-delegue.es-autochtones-au-HLPF2022-avec-le-Secretariat-UNFPII-300x182.jpg 300w, http:\/\/www.tin-hinane.org\/wp-content\/uploads\/2022\/07\/Rencontre-des-delegue.es-autochtones-au-HLPF2022-avec-le-Secretariat-UNFPII-768x466.jpg 768w, http:\/\/www.tin-hinane.org\/wp-content\/uploads\/2022\/07\/Rencontre-des-delegue.es-autochtones-au-HLPF2022-avec-le-Secretariat-UNFPII-1536x931.jpg 1536w, http:\/\/www.tin-hinane.org\/wp-content\/uploads\/2022\/07\/Rencontre-des-delegue.es-autochtones-au-HLPF2022-avec-le-Secretariat-UNFPII-960x582.jpg 960w, http:\/\/www.tin-hinane.org\/wp-content\/uploads\/2022\/07\/Rencontre-des-delegue.es-autochtones-au-HLPF2022-avec-le-Secretariat-UNFPII-600x364.jpg 600w, http:\/\/www.tin-hinane.org\/wp-content\/uploads\/2022\/07\/Rencontre-des-delegue.es-autochtones-au-HLPF2022-avec-le-Secretariat-UNFPII.jpg 1600w\" sizes=\"auto, (max-width: 559px) 100vw, 559px\" \/><figcaption>Cr\u00e9dit photo\u00a0: G.K<br>Rencontre des d\u00e9l\u00e9gu\u00e9(es) autochtones au HLPF2022 avec le Secr\u00e9tariat UNFPII<\/figcaption><\/figure><\/div>\n\n\n\n<p>Notre organisation, Tin Hinan, remercie ses membres qui ont pers\u00e9v\u00e9r\u00e9es pour notre participation malgr\u00e9 les diff\u00e9rents d\u00e9fis (ins\u00e9curit\u00e9, acc\u00e8s \u00e0 l&#8217;internet, d\u00e9calage horaire, processus nouveau). Tous nos encouragements et f\u00e9licitations au Conseil de la Soci\u00e9t\u00e9 Civile Malienne, Action for SDGs, Conf\u00e9d\u00e9ration syndicale internationale qui ont coordonn\u00e9 ces activit\u00e9s. Tous nos remerciements \u00e0 Land is Life et la d\u00e9l\u00e9gation Allemande qui ont pris en charge la participation de certaines de nos repr\u00e9sentantes et nous ont apport\u00e9 des informations utiles sur le processus de <strong>HLPF, juillet 2022<\/strong>.<\/p>\n\n\n\n<div class=\"wp-block-image\"><figure class=\"aligncenter size-full is-resized\"><img loading=\"lazy\" decoding=\"async\" src=\"http:\/\/www.tin-hinane.org\/wp-content\/uploads\/2022\/07\/Credit-photo-Deleguation-Allemande-au-HLPF-2022.Photo-du-dejeuner-avec-entre-les-FA-les-jeunes-et-la-deleguation-allemande-au-HLPF-2022jpg.jpg\" alt=\"\" class=\"wp-image-782\" width=\"528\" height=\"528\" srcset=\"http:\/\/www.tin-hinane.org\/wp-content\/uploads\/2022\/07\/Credit-photo-Deleguation-Allemande-au-HLPF-2022.Photo-du-dejeuner-avec-entre-les-FA-les-jeunes-et-la-deleguation-allemande-au-HLPF-2022jpg.jpg 680w, http:\/\/www.tin-hinane.org\/wp-content\/uploads\/2022\/07\/Credit-photo-Deleguation-Allemande-au-HLPF-2022.Photo-du-dejeuner-avec-entre-les-FA-les-jeunes-et-la-deleguation-allemande-au-HLPF-2022jpg-300x300.jpg 300w, http:\/\/www.tin-hinane.org\/wp-content\/uploads\/2022\/07\/Credit-photo-Deleguation-Allemande-au-HLPF-2022.Photo-du-dejeuner-avec-entre-les-FA-les-jeunes-et-la-deleguation-allemande-au-HLPF-2022jpg-150x150.jpg 150w, http:\/\/www.tin-hinane.org\/wp-content\/uploads\/2022\/07\/Credit-photo-Deleguation-Allemande-au-HLPF-2022.Photo-du-dejeuner-avec-entre-les-FA-les-jeunes-et-la-deleguation-allemande-au-HLPF-2022jpg-600x600.jpg 600w, http:\/\/www.tin-hinane.org\/wp-content\/uploads\/2022\/07\/Credit-photo-Deleguation-Allemande-au-HLPF-2022.Photo-du-dejeuner-avec-entre-les-FA-les-jeunes-et-la-deleguation-allemande-au-HLPF-2022jpg-100x100.jpg 100w\" sizes=\"auto, (max-width: 528px) 100vw, 528px\" \/><figcaption>Cr\u00e9dit photo : D\u00e9l\u00e9gation allemande au HLPF 2022. <br>Photo du d\u00e9jeuner entre les Femmes Autochtones, les jeunes et la d\u00e9l\u00e9gation allemande au HLPF 2022<\/figcaption><\/figure><\/div>\n\n\n\n<p><\/p>\n","protected":false},"excerpt":{"rendered":"<p>Le Forum Politique de Haut Niveau est la principale plateforme des Nations unies sur le d\u00e9veloppement durable. Il joue un r\u00f4le central dans le suivi et l&#8217;examen de la mise en \u0153uvre du Programme 2030 pour le d\u00e9veloppement durable et<\/p>\n","protected":false},"author":6,"featured_media":0,"comment_status":"open","ping_status":"open","sticky":false,"template":"","format":"standard","meta":{"footnotes":""},"categories":[38,8,31,37,33,1],"tags":[],"class_list":["post-775","post","type-post","status-publish","format-standard","hentry","category-climat","category-developpement","category-environnement","category-genre","category-international","category-non-classe"],"_links":{"self":[{"href":"http:\/\/www.tin-hinane.org\/index.php\/wp-json\/wp\/v2\/posts\/775","targetHints":{"allow":["GET"]}}],"collection":[{"href":"http:\/\/www.tin-hinane.org\/index.php\/wp-json\/wp\/v2\/posts"}],"about":[{"href":"http:\/\/www.tin-hinane.org\/index.php\/wp-json\/wp\/v2\/types\/post"}],"author":[{"embeddable":true,"href":"http:\/\/www.tin-hinane.org\/index.php\/wp-json\/wp\/v2\/users\/6"}],"replies":[{"embeddable":true,"href":"http:\/\/www.tin-hinane.org\/index.php\/wp-json\/wp\/v2\/comments?post=775"}],"version-history":[{"count":1,"href":"http:\/\/www.tin-hinane.org\/index.php\/wp-json\/wp\/v2\/posts\/775\/revisions"}],"predecessor-version":[{"id":783,"href":"http:\/\/www.tin-hinane.org\/index.php\/wp-json\/wp\/v2\/posts\/775\/revisions\/783"}],"wp:attachment":[{"href":"http:\/\/www.tin-hinane.org\/index.php\/wp-json\/wp\/v2\/media?parent=775"}],"wp:term":[{"taxonomy":"category","embeddable":true,"href":"http:\/\/www.tin-hinane.org\/index.php\/wp-json\/wp\/v2\/categories?post=775"},{"taxonomy":"post_tag","embeddable":true,"href":"http:\/\/www.tin-hinane.org\/index.php\/wp-json\/wp\/v2\/tags?post=775"}],"curies":[{"name":"wp","href":"https:\/\/api.w.org\/{rel}","templated":true}]}}