{"id":751,"date":"2022-04-24T13:26:19","date_gmt":"2022-04-24T13:26:19","guid":{"rendered":"http:\/\/www.tin-hinane.org\/?p=751"},"modified":"2022-04-24T13:26:21","modified_gmt":"2022-04-24T13:26:21","slug":"participation-a-la-session-dinformation-sur-le-cadre-de-suivi-et-de-redevabilite-des-coalitions-daction-du-forum-generation-egalite","status":"publish","type":"post","link":"http:\/\/www.tin-hinane.org\/index.php\/2022\/04\/24\/participation-a-la-session-dinformation-sur-le-cadre-de-suivi-et-de-redevabilite-des-coalitions-daction-du-forum-generation-egalite\/","title":{"rendered":"Participation \u00e0 la session d&#8217;information sur le Cadre de suivi et de redevabilit\u00e9 des coalitions d&#8217;action du Forum G\u00e9n\u00e9ration Egalit\u00e9"},"content":{"rendered":"\n<p>Le jeudi 31 mars 2022, une repr\u00e9sentation de l\u2019\u00e9quipe de l\u2019Association Tin Hinan a pris part \u00e0 une session d&#8217;information en ligne concernant le <a rel=\"noreferrer noopener\" href=\"https:\/\/commitments.generationequality.org\/dashboard\/data\" target=\"_blank\">Cadre de Suivi et de Coalition d\u2019action<\/a> du Forum G\u00e9n\u00e9ration Egalit\u00e9. Cette session d&#8217;information a \u00e9t\u00e9 organis\u00e9e par <a href=\"https:\/\/www.unwomen.org\/fr\" target=\"_blank\" rel=\"noreferrer noopener\">ONU Femmes<\/a> ainsi que le groupe de travail sur le Cadre de redevabilit\u00e9, et mod\u00e9r\u00e9e par Lauren Whitehead, sp\u00e9cialiste aux questions de coalitions d\u2019actions au d\u00e9partement femmes des nations unies. \u00a0<\/p>\n\n\n\n<p>Les diff\u00e9rents th\u00e8mes abord\u00e9s avaient pour objectif de mieux \u00e9tayer la th\u00e9matique Egalit\u00e9 Genre dans le monde. Des pan\u00e9listes ont intervenus lors de cette session d\u2019information, dont Julien Pellaux de la Direction Ex\u00e9cutive des Femmes des Nations Unies qui s&#8217;est exprim\u00e9 sur la motivation des personnes de tout bord \u00e0 l\u2019engagement pour la cause de la femme. Il affirme de ce fait esp\u00e9rer voir plus d\u2019engagement politique et d\u2019investissements pour l\u2019acc\u00e9l\u00e9ration et le progr\u00e8s pour l\u2019\u00e9galit\u00e9 femme homme.<\/p>\n\n\n\n<p>Nous avons \u00e9galement Farzana Farouck, une jeune militante de 23 ans, qui exhorte toutes les femmes \u00e0 s\u2019engager dans la protection de l\u2019environnement tout en gardant \u00e0 l\u2019esprit qu\u2019elles doivent \u00eatre actionnaire \u00e0 part \u00e9gale du cadre de redevabilit\u00e9 de l\u2019action f\u00e9minine et Papa Seck,<strong> <\/strong>chef de la section bases de donn\u00e9es ONU Femmes qui a abord\u00e9 le rapport annuel de la mise en \u0153uvre des engagements pris lors du sommet des femmes en 2021 \u00e0 Paris. Ses grands points s\u2019articulaient sur les objectifs qui ont \u00e9t\u00e9 fix\u00e9s dans le plan d\u2019acc\u00e9l\u00e9ration mondial, les \u00e9tats des \u00e9valuations de la mesure dans lesquels l\u2019\u00e9galit\u00e9 des g\u00e9n\u00e9rations refl\u00e8te le processus de transformation.<\/p>\n\n\n\n<p>Apr\u00e8s les pr\u00e9sentations des pan\u00e9listes, Svenja Siemonsen (ONU Femmes) a synth\u00e9tiser les diff\u00e9rentes interventions avant de donner la possibilit\u00e9 aux  diff\u00e9rents participants de poser des questions. Les d\u00e9bats qui en ont suivis ont permis de prendre connaissance de la volont\u00e9 des autorit\u00e9s et des organisations \u00e0 combattre ce fl\u00e9au qu\u2019est l\u2019in\u00e9galit\u00e9 du genre dans le monde. La d\u00e9termination \u00e0 renforcer les m\u00e9thodes et processus de travail, \u00e0 am\u00e9liorer la qualit\u00e9 de la communication et des plaidoiries ainsi qu&#8217;\u00e0 soutenir les personnes vuln\u00e9rables tout en d\u00e9fendant les droits de la gente f\u00e9minine ont \u00e9t\u00e9 les grands points sur lesquels \u00e9taient ax\u00e9s les d\u00e9bats. D&#8217;avantages d&#8217;efforts sont \u00e0 consentir pour l&#8217;atteinte des objectifs fix\u00e9s.<\/p>\n\n\n\n<figure class=\"wp-block-image size-full\"><img loading=\"lazy\" decoding=\"async\" width=\"1000\" height=\"450\" src=\"http:\/\/www.tin-hinane.org\/wp-content\/uploads\/2022\/04\/Forum-Generation-Egalite-Suivi.jpg\" alt=\"\" class=\"wp-image-753\" srcset=\"http:\/\/www.tin-hinane.org\/wp-content\/uploads\/2022\/04\/Forum-Generation-Egalite-Suivi.jpg 1000w, http:\/\/www.tin-hinane.org\/wp-content\/uploads\/2022\/04\/Forum-Generation-Egalite-Suivi-300x135.jpg 300w, http:\/\/www.tin-hinane.org\/wp-content\/uploads\/2022\/04\/Forum-Generation-Egalite-Suivi-768x346.jpg 768w, http:\/\/www.tin-hinane.org\/wp-content\/uploads\/2022\/04\/Forum-Generation-Egalite-Suivi-960x432.jpg 960w, http:\/\/www.tin-hinane.org\/wp-content\/uploads\/2022\/04\/Forum-Generation-Egalite-Suivi-600x270.jpg 600w\" sizes=\"auto, (max-width: 1000px) 100vw, 1000px\" \/><figcaption>Participantes de Tin Hinane<\/figcaption><\/figure>\n","protected":false},"excerpt":{"rendered":"<p>Le jeudi 31 mars 2022, une repr\u00e9sentation de l\u2019\u00e9quipe de l\u2019Association Tin Hinan a pris part \u00e0 une session d&#8217;information en ligne concernant le Cadre de Suivi et de Coalition d\u2019action du Forum G\u00e9n\u00e9ration Egalit\u00e9. Cette session d&#8217;information a \u00e9t\u00e9<\/p>\n","protected":false},"author":6,"featured_media":0,"comment_status":"open","ping_status":"open","sticky":false,"template":"","format":"standard","meta":{"footnotes":""},"categories":[36,37,33],"tags":[],"class_list":["post-751","post","type-post","status-publish","format-standard","hentry","category-droits-humains","category-genre","category-international"],"_links":{"self":[{"href":"http:\/\/www.tin-hinane.org\/index.php\/wp-json\/wp\/v2\/posts\/751","targetHints":{"allow":["GET"]}}],"collection":[{"href":"http:\/\/www.tin-hinane.org\/index.php\/wp-json\/wp\/v2\/posts"}],"about":[{"href":"http:\/\/www.tin-hinane.org\/index.php\/wp-json\/wp\/v2\/types\/post"}],"author":[{"embeddable":true,"href":"http:\/\/www.tin-hinane.org\/index.php\/wp-json\/wp\/v2\/users\/6"}],"replies":[{"embeddable":true,"href":"http:\/\/www.tin-hinane.org\/index.php\/wp-json\/wp\/v2\/comments?post=751"}],"version-history":[{"count":2,"href":"http:\/\/www.tin-hinane.org\/index.php\/wp-json\/wp\/v2\/posts\/751\/revisions"}],"predecessor-version":[{"id":754,"href":"http:\/\/www.tin-hinane.org\/index.php\/wp-json\/wp\/v2\/posts\/751\/revisions\/754"}],"wp:attachment":[{"href":"http:\/\/www.tin-hinane.org\/index.php\/wp-json\/wp\/v2\/media?parent=751"}],"wp:term":[{"taxonomy":"category","embeddable":true,"href":"http:\/\/www.tin-hinane.org\/index.php\/wp-json\/wp\/v2\/categories?post=751"},{"taxonomy":"post_tag","embeddable":true,"href":"http:\/\/www.tin-hinane.org\/index.php\/wp-json\/wp\/v2\/tags?post=751"}],"curies":[{"name":"wp","href":"https:\/\/api.w.org\/{rel}","templated":true}]}}