{"id":743,"date":"2022-03-13T17:15:55","date_gmt":"2022-03-13T17:15:55","guid":{"rendered":"http:\/\/www.tin-hinane.org\/?p=743"},"modified":"2022-03-13T17:15:57","modified_gmt":"2022-03-13T17:15:57","slug":"tin-hinane-et-les-femmes-pastorales-du-sahel-en-mouvement-commemorent-la-journee-internationale-des-droits-des-femmes-sous-le-theme-femmes-vulnerables-et-ntic-strategie-pour-un-defi-humanitaire","status":"publish","type":"post","link":"http:\/\/www.tin-hinane.org\/index.php\/2022\/03\/13\/tin-hinane-et-les-femmes-pastorales-du-sahel-en-mouvement-commemorent-la-journee-internationale-des-droits-des-femmes-sous-le-theme-femmes-vulnerables-et-ntic-strategie-pour-un-defi-humanitaire\/","title":{"rendered":"Tin Hinane et les femmes pastorales du Sahel en mouvement comm\u00e9morent la journ\u00e9e Internationale des Droits des Femmes sous le th\u00e8me : &#8220;Femmes vuln\u00e9rables et NTIC : Strat\u00e9gie pour un d\u00e9fi humanitaire, s\u00e9curitaire et sanitaire&#8221;"},"content":{"rendered":"\n<p>La journ\u00e9e Internationale des Droits des Femmes se veut une  une journ\u00e9e d\u2019action, de sensibilisation et de mobilisation d\u00e9di\u00e9e \u00e0 la\u00a0<strong>lutte pour les droits des femmes<\/strong>, l\u2019\u00e9galit\u00e9 et la justice. C&#8217;est aussi l&#8217;occasion de mettre en avant les initiatives qui placent les femmes au c\u0153ur de la cr\u00e9ation ainsi que leur participation \u00e0 la vie sociale, politique et \u00e9conomique. Dans cette optique, Tin Hinane a organis\u00e9 ce samedi 12 mars, une formation autour du th\u00e8me &#8220;Femmes vuln\u00e9rables et NTIC : Strat\u00e9gie pour un d\u00e9fi humanitaire, s\u00e9curitaire et sanitaire&#8221;. L&#8217;objectif vis\u00e9 par cette formation est de permettre aux femmes b\u00e9n\u00e9ficiaires de comprendre l\u2019int\u00e9r\u00eat de ces Technologies de l&#8217;Information et de la Communication, leur utilisation\u00a0pour ainsi relever les d\u00e9fis s\u00e9curitaires , humanitaires et sanitaires auxquels elles sont confront\u00e9es en tant que femmes rurales, pastorales et surtout femmes vuln\u00e9rables.<\/p>\n\n\n\n<p>L&#8217;\u00e9quipe de F\u00e9minin Actu \u00e9tait aux cot\u00e9s de l&#8217;organisation pour la couverture m\u00e9diatique des activit\u00e9s. Retrouvez l&#8217;article complet <a href=\"https:\/\/www.femininactu.com\/actualite\/8mars-2022-les-tics-au-coeur-de-la-celebration\" target=\"_blank\" rel=\"noreferrer noopener\">ici<\/a>.<\/p>\n\n\n\n<figure class=\"wp-block-image size-large\"><img loading=\"lazy\" decoding=\"async\" width=\"1024\" height=\"461\" src=\"http:\/\/www.tin-hinane.org\/wp-content\/uploads\/2022\/03\/Formation-2-1024x461.jpg\" alt=\"\" class=\"wp-image-744\" srcset=\"http:\/\/www.tin-hinane.org\/wp-content\/uploads\/2022\/03\/Formation-2-1024x461.jpg 1024w, http:\/\/www.tin-hinane.org\/wp-content\/uploads\/2022\/03\/Formation-2-300x135.jpg 300w, http:\/\/www.tin-hinane.org\/wp-content\/uploads\/2022\/03\/Formation-2-768x346.jpg 768w, http:\/\/www.tin-hinane.org\/wp-content\/uploads\/2022\/03\/Formation-2-1536x692.jpg 1536w, http:\/\/www.tin-hinane.org\/wp-content\/uploads\/2022\/03\/Formation-2-960x432.jpg 960w, http:\/\/www.tin-hinane.org\/wp-content\/uploads\/2022\/03\/Formation-2-600x270.jpg 600w, http:\/\/www.tin-hinane.org\/wp-content\/uploads\/2022\/03\/Formation-2.jpg 2048w\" sizes=\"auto, (max-width: 1024px) 100vw, 1024px\" \/><\/figure>\n\n\n\n<figure class=\"wp-block-image size-large\"><img loading=\"lazy\" decoding=\"async\" width=\"1024\" height=\"461\" src=\"http:\/\/www.tin-hinane.org\/wp-content\/uploads\/2022\/03\/Formation-5-1024x461.jpg\" alt=\"\" class=\"wp-image-745\" srcset=\"http:\/\/www.tin-hinane.org\/wp-content\/uploads\/2022\/03\/Formation-5-1024x461.jpg 1024w, http:\/\/www.tin-hinane.org\/wp-content\/uploads\/2022\/03\/Formation-5-300x135.jpg 300w, http:\/\/www.tin-hinane.org\/wp-content\/uploads\/2022\/03\/Formation-5-768x346.jpg 768w, http:\/\/www.tin-hinane.org\/wp-content\/uploads\/2022\/03\/Formation-5-960x432.jpg 960w, http:\/\/www.tin-hinane.org\/wp-content\/uploads\/2022\/03\/Formation-5-600x270.jpg 600w, http:\/\/www.tin-hinane.org\/wp-content\/uploads\/2022\/03\/Formation-5.jpg 1422w\" sizes=\"auto, (max-width: 1024px) 100vw, 1024px\" \/><\/figure>\n\n\n\n<figure class=\"wp-block-image size-large\"><img loading=\"lazy\" decoding=\"async\" width=\"1024\" height=\"461\" src=\"http:\/\/www.tin-hinane.org\/wp-content\/uploads\/2022\/03\/Formation-4-1024x461.jpg\" alt=\"\" class=\"wp-image-746\" srcset=\"http:\/\/www.tin-hinane.org\/wp-content\/uploads\/2022\/03\/Formation-4-1024x461.jpg 1024w, http:\/\/www.tin-hinane.org\/wp-content\/uploads\/2022\/03\/Formation-4-300x135.jpg 300w, http:\/\/www.tin-hinane.org\/wp-content\/uploads\/2022\/03\/Formation-4-768x346.jpg 768w, http:\/\/www.tin-hinane.org\/wp-content\/uploads\/2022\/03\/Formation-4-960x432.jpg 960w, http:\/\/www.tin-hinane.org\/wp-content\/uploads\/2022\/03\/Formation-4-600x270.jpg 600w, http:\/\/www.tin-hinane.org\/wp-content\/uploads\/2022\/03\/Formation-4.jpg 1422w\" sizes=\"auto, (max-width: 1024px) 100vw, 1024px\" \/><figcaption>\u00c9tait pr\u00e9sente \u00e0 la formation, la coordonnatrice nationale de WANEP Burkina (r\u00e9seau ouest africain pour l\u2019\u00e9dification de la paix), Alice Kombary\/Soulama aux c\u00f4t\u00e9s des membres de l\u2019association.<\/figcaption><\/figure>\n\n\n\n<p><\/p>\n","protected":false},"excerpt":{"rendered":"<p>La journ\u00e9e Internationale des Droits des Femmes se veut une une journ\u00e9e d\u2019action, de sensibilisation et de mobilisation d\u00e9di\u00e9e \u00e0 la\u00a0lutte pour les droits des femmes, l\u2019\u00e9galit\u00e9 et la justice. C&#8217;est aussi l&#8217;occasion de mettre en avant les initiatives qui<\/p>\n","protected":false},"author":6,"featured_media":0,"comment_status":"open","ping_status":"open","sticky":false,"template":"","format":"standard","meta":{"footnotes":""},"categories":[36,9,37],"tags":[],"class_list":["post-743","post","type-post","status-publish","format-standard","hentry","category-droits-humains","category-education","category-genre"],"_links":{"self":[{"href":"http:\/\/www.tin-hinane.org\/index.php\/wp-json\/wp\/v2\/posts\/743","targetHints":{"allow":["GET"]}}],"collection":[{"href":"http:\/\/www.tin-hinane.org\/index.php\/wp-json\/wp\/v2\/posts"}],"about":[{"href":"http:\/\/www.tin-hinane.org\/index.php\/wp-json\/wp\/v2\/types\/post"}],"author":[{"embeddable":true,"href":"http:\/\/www.tin-hinane.org\/index.php\/wp-json\/wp\/v2\/users\/6"}],"replies":[{"embeddable":true,"href":"http:\/\/www.tin-hinane.org\/index.php\/wp-json\/wp\/v2\/comments?post=743"}],"version-history":[{"count":1,"href":"http:\/\/www.tin-hinane.org\/index.php\/wp-json\/wp\/v2\/posts\/743\/revisions"}],"predecessor-version":[{"id":747,"href":"http:\/\/www.tin-hinane.org\/index.php\/wp-json\/wp\/v2\/posts\/743\/revisions\/747"}],"wp:attachment":[{"href":"http:\/\/www.tin-hinane.org\/index.php\/wp-json\/wp\/v2\/media?parent=743"}],"wp:term":[{"taxonomy":"category","embeddable":true,"href":"http:\/\/www.tin-hinane.org\/index.php\/wp-json\/wp\/v2\/categories?post=743"},{"taxonomy":"post_tag","embeddable":true,"href":"http:\/\/www.tin-hinane.org\/index.php\/wp-json\/wp\/v2\/tags?post=743"}],"curies":[{"name":"wp","href":"https:\/\/api.w.org\/{rel}","templated":true}]}}