{"id":716,"date":"2021-11-15T09:24:16","date_gmt":"2021-11-15T09:24:16","guid":{"rendered":"http:\/\/www.tin-hinane.org\/?p=716"},"modified":"2022-03-07T23:30:13","modified_gmt":"2022-03-07T23:30:13","slug":"participation-de-tin-hinan-a-la-cop26-de-glasgow-en-tant-que-membre-de-lalliance-mondiale-des-peuples-autochtones-nomades-wamip-world-alliance-for-mobile-indigenous-people","status":"publish","type":"post","link":"http:\/\/www.tin-hinane.org\/index.php\/2021\/11\/15\/participation-de-tin-hinan-a-la-cop26-de-glasgow-en-tant-que-membre-de-lalliance-mondiale-des-peuples-autochtones-nomades-wamip-world-alliance-for-mobile-indigenous-people\/","title":{"rendered":"Participation de Tin Hinan \u00e0 la COP26 de Glasgow en tant que membre de l\u2019Alliance Mondiale des Peuples Autochtones Nomades (WAMIP : World Alliance for Mobile Indigenous People)"},"content":{"rendered":"\n<p>A l\u2019occasion de la COP26 de Glasgow, une s\u00e9rie d\u2019\u00e9v\u00e8nements organis\u00e9s par le Fond International pour le D\u00e9veloppement Agricole (<a href=\"https:\/\/www.ifad.org\/fr\/\">FIDA ou IFAD<\/a>) ont eu lieu autour du pastoralisme nomade et son impact dans la lutte contre les effets du changement climatique. Tin Hinan, en tant que membre de la <a href=\"https:\/\/wamipglobal.com\/\">WAMIP<\/a>, a pris part \u00e0 l\u2019un de ces \u00e9v\u00e8nements le 6 novembre, dont l\u2019objectif principal \u00e9tait de mettre en \u00e9vidence le fait que le pastoralisme nomade est en fait une partie de la solution au changement climatique, et non un probl\u00e8me dont il faut d\u00e9coudre. Les \u00e9changes se sont effectu\u00e9s autour du th\u00e8me\u00a0: \u00ab\u00a0Le pastoralisme nomade pour l&#8217;att\u00e9nuation du changement climatique, la restauration des \u00e9cosyst\u00e8mes et les syst\u00e8mes alimentaires r\u00e9silients\u00a0\u00bb, avec la participation de Saoudata WALLET ABOUBACRINE, Secr\u00e9taire G\u00e9n\u00e9rale de Tin Hinan ainsi que d\u2019autres pan\u00e9listes<\/p>\n\n\n\n<p>L\u2019intervention de la Secr\u00e9taire G\u00e9n\u00e9rale \u00e9tait ax\u00e9e autour des connaissances et des strat\u00e9gies d\u2019adaptations au changement climatique d\u00e9velopp\u00e9es par les communaut\u00e9s nomades pastorales. Sur cette m\u00eame th\u00e9matique, Tin Hinan a d\u00e9velopp\u00e9 une exp\u00e9rience \u00e0 travers ses projets dont &#8220;La Valorisation des savoirs et savoir-faire des femmes pastorales du Sahel dans le domaine de l\u2019att\u00e9nuation et l\u2019adaptation aux changements climatiques&#8221; qui a \u00e9t\u00e9 mis en \u0153uvre essentiellement chez deux communaut\u00e9s une dans le cercle de Goundam, r\u00e9gion de Tombouctou et l\u2019autre \u00e0 Darkoye province de l\u2019Oudalan, Burkina Faso, qui ont r\u00e9ussi \u00e0 prot\u00e9ger leurs espaces forestiers et ainsi mitiger certains effets du changement climatique. Aussi, un autre projet est celui intitul\u00e9 &#8220;Les femmes pastorales du Sahel en mouvement&#8221;, d\u00e9velopp\u00e9 en collaboration avec une trentaine d&#8217;OSCs de femmes pastorales&nbsp;; il est actuellement en ex\u00e9cution et d\u00e9montre d\u00e9j\u00e0 des r\u00e9sultats en termes de renforcement de capacit\u00e9s et d\u2019accompagnement des femmes pastorales.<\/p>\n\n\n\n<p>Vu l\u2019importance de ce r\u00f4le jou\u00e9 par les communaut\u00e9s pastorales et les OSC de femmes pastorales, il est indispensable de pouvoir consolider leur impact, par des programmes et partenariats impliquant ces communaut\u00e9s et mouvements de femmes et les acteurs d\u2019aide au d\u00e9veloppement.<\/p>\n\n\n\n<figure class=\"wp-block-image size-full\"><img loading=\"lazy\" decoding=\"async\" width=\"1024\" height=\"579\" src=\"http:\/\/www.tin-hinane.org\/wp-content\/uploads\/2021\/11\/Image-Saouda.png\" alt=\"\" class=\"wp-image-721\" srcset=\"http:\/\/www.tin-hinane.org\/wp-content\/uploads\/2021\/11\/Image-Saouda.png 1024w, http:\/\/www.tin-hinane.org\/wp-content\/uploads\/2021\/11\/Image-Saouda-300x170.png 300w, http:\/\/www.tin-hinane.org\/wp-content\/uploads\/2021\/11\/Image-Saouda-768x434.png 768w, http:\/\/www.tin-hinane.org\/wp-content\/uploads\/2021\/11\/Image-Saouda-960x543.png 960w, http:\/\/www.tin-hinane.org\/wp-content\/uploads\/2021\/11\/Image-Saouda-600x339.png 600w\" sizes=\"auto, (max-width: 1024px) 100vw, 1024px\" \/><\/figure>\n\n\n\n<figure class=\"wp-block-image size-large\"><img loading=\"lazy\" decoding=\"async\" width=\"1024\" height=\"768\" src=\"http:\/\/www.tin-hinane.org\/wp-content\/uploads\/2021\/11\/Image-WAMIP-1024x768.png\" alt=\"\" class=\"wp-image-722\" srcset=\"http:\/\/www.tin-hinane.org\/wp-content\/uploads\/2021\/11\/Image-WAMIP-1024x768.png 1024w, http:\/\/www.tin-hinane.org\/wp-content\/uploads\/2021\/11\/Image-WAMIP-300x225.png 300w, http:\/\/www.tin-hinane.org\/wp-content\/uploads\/2021\/11\/Image-WAMIP-768x576.png 768w, http:\/\/www.tin-hinane.org\/wp-content\/uploads\/2021\/11\/Image-WAMIP-960x720.png 960w, http:\/\/www.tin-hinane.org\/wp-content\/uploads\/2021\/11\/Image-WAMIP-600x450.png 600w, http:\/\/www.tin-hinane.org\/wp-content\/uploads\/2021\/11\/Image-WAMIP.png 1280w\" sizes=\"auto, (max-width: 1024px) 100vw, 1024px\" \/><figcaption>Quelques repr\u00e9sentants de la WAMIP<\/figcaption><\/figure>\n\n\n\n<p><\/p>\n","protected":false},"excerpt":{"rendered":"<p>A l\u2019occasion de la COP26 de Glasgow, une s\u00e9rie d\u2019\u00e9v\u00e8nements organis\u00e9s par le Fond International pour le D\u00e9veloppement Agricole (FIDA ou IFAD) ont eu lieu autour du pastoralisme nomade et son impact dans la lutte contre les effets du changement<\/p>\n","protected":false},"author":6,"featured_media":0,"comment_status":"open","ping_status":"open","sticky":false,"template":"","format":"standard","meta":{"footnotes":""},"categories":[36,31,33],"tags":[],"class_list":["post-716","post","type-post","status-publish","format-standard","hentry","category-droits-humains","category-environnement","category-international"],"_links":{"self":[{"href":"http:\/\/www.tin-hinane.org\/index.php\/wp-json\/wp\/v2\/posts\/716","targetHints":{"allow":["GET"]}}],"collection":[{"href":"http:\/\/www.tin-hinane.org\/index.php\/wp-json\/wp\/v2\/posts"}],"about":[{"href":"http:\/\/www.tin-hinane.org\/index.php\/wp-json\/wp\/v2\/types\/post"}],"author":[{"embeddable":true,"href":"http:\/\/www.tin-hinane.org\/index.php\/wp-json\/wp\/v2\/users\/6"}],"replies":[{"embeddable":true,"href":"http:\/\/www.tin-hinane.org\/index.php\/wp-json\/wp\/v2\/comments?post=716"}],"version-history":[{"count":4,"href":"http:\/\/www.tin-hinane.org\/index.php\/wp-json\/wp\/v2\/posts\/716\/revisions"}],"predecessor-version":[{"id":729,"href":"http:\/\/www.tin-hinane.org\/index.php\/wp-json\/wp\/v2\/posts\/716\/revisions\/729"}],"wp:attachment":[{"href":"http:\/\/www.tin-hinane.org\/index.php\/wp-json\/wp\/v2\/media?parent=716"}],"wp:term":[{"taxonomy":"category","embeddable":true,"href":"http:\/\/www.tin-hinane.org\/index.php\/wp-json\/wp\/v2\/categories?post=716"},{"taxonomy":"post_tag","embeddable":true,"href":"http:\/\/www.tin-hinane.org\/index.php\/wp-json\/wp\/v2\/tags?post=716"}],"curies":[{"name":"wp","href":"https:\/\/api.w.org\/{rel}","templated":true}]}}