{"id":708,"date":"2021-10-25T12:31:35","date_gmt":"2021-10-25T12:31:35","guid":{"rendered":"http:\/\/www.tin-hinane.org\/?p=708"},"modified":"2022-03-07T23:29:55","modified_gmt":"2022-03-07T23:29:55","slug":"fespaco-2021-tin-hinan-et-le-reseau-des-femmes-pastorales-du-sahel-en-mouvement-rewbe-maroobe-umima-tanakra-chat-adjama-apportent-leur-soutien-pour-la-realisation-du-documentaire-marcher-sur","status":"publish","type":"post","link":"http:\/\/www.tin-hinane.org\/index.php\/2021\/10\/25\/fespaco-2021-tin-hinan-et-le-reseau-des-femmes-pastorales-du-sahel-en-mouvement-rewbe-maroobe-umima-tanakra-chat-adjama-apportent-leur-soutien-pour-la-realisation-du-documentaire-marcher-sur\/","title":{"rendered":"FESPACO 2021 : Tin Hinan et le R\u00e9seau des femmes pastorales du Sahel en Mouvement\/Rewb\u00e9 Maroob\u00e9 Umima\/Tanakra Chat Adjama apportent leur soutien pour la r\u00e9alisation du Documentaire  \u00ab MARCHER SUR L\u2019EAU \u00bb de A\u00efssa MAIGA"},"content":{"rendered":"\n<p>La 27<sup>\u00e8me<\/sup> \u00e9dition du Festival Panafricain du Cin\u00e9ma de Ouagadougou (FESPACO) s\u2019est tenu du 16 au 23 Octobre sous le th\u00e8me \u00ab\u00a0Cin\u00e9ma d\u2019Afrique et de la diaspora, nouveaux talents, nouveaux d\u00e9fis\u00a0\u00bb. Comme \u00e0 chaque \u00e9dition, plusieurs \u0153uvres sont en comp\u00e9tition dans diff\u00e9rentes cat\u00e9gories, allant des courts m\u00e9trages aux longs m\u00e9trages et documentaires. Dans cette derni\u00e8re cat\u00e9gorie, se trouve le documentaire \u00ab\u00a0<a href=\"https:\/\/filmsdulosange.com\/film\/marcher-sur-leau\/\" target=\"_blank\" rel=\"noreferrer noopener\">Marcher sur l\u2019eau<\/a>\u00a0\u00bb, r\u00e9alis\u00e9 par A\u00efssa MAIGA. Ce documentaire relate l\u2019histoire de Tatiste, un petit village au nord du Niger, et le combat de ses habitants pour obtenir un forage qui permettra de puiser cette ressource rare qu\u2019est l\u2019eau, profond\u00e9ment dans le sol d\u00e9sertique.<\/p>\n\n\n\n<p>Des jeunes femmes pastorales, membres du r\u00e9seau des femmes pastorales du Sahel en mouvement ont apport\u00e9 un soutien consid\u00e9rable \u00e0 la r\u00e9alisation de ce long m\u00e9trage qui touchait leur communaut\u00e9, en particulier lors du tournage. Fort de cet impact, l\u2019une d\u2019elle du nom d\u2019A\u00efssatou IBRAHIM, membre de l\u2019Association Ba\u00e0jol Pulaku du Niger, \u00e9tait pr\u00e9sente lors des projections pendant le FESPACO, et a re\u00e7u le soutien de Tin Hinan..<\/p>\n\n\n\n<p>A l\u2019issu du Festival, ce documentaire re\u00e7oit le <a rel=\"noreferrer noopener\" href=\"http:\/\/www.uemoa.int\/fr\/27eme-edition-du-fespaco-2021-les-laureats-des-prix-speciaux-uemoa-ont-recu-leurs-trophees\" target=\"_blank\">prix sp\u00e9cial UEMOA de l\u2019int\u00e9gration<\/a>, Cat\u00e9gorie Documentaire qui se compose d\u2019un troph\u00e9e et d\u2019un ch\u00e8que de 5\u00a0000\u00a0000 de francs CFA. Vu l\u2019importance de la th\u00e9matique soulev\u00e9e dans le documentaire, notamment le quotidien des populations pastorales, en particulier des femmes, Tin Hinan et le r\u00e9seau des Femmes pastorales du Sahel en Mouvement\u00a0ont \u00e9t\u00e9 tr\u00e8s heureux de pouvoir contribuer \u00e0 relater cette r\u00e9alit\u00e9 et mener ce combat pour un meilleur acc\u00e8s aux infrastructures vitales des communaut\u00e9s pastorales.<\/p>\n\n\n\n<div class=\"wp-block-image\"><figure class=\"aligncenter size-full\"><img loading=\"lazy\" decoding=\"async\" width=\"992\" height=\"744\" src=\"http:\/\/www.tin-hinane.org\/wp-content\/uploads\/2021\/10\/Fespaco-2021.jpg\" alt=\"\" class=\"wp-image-710\" srcset=\"http:\/\/www.tin-hinane.org\/wp-content\/uploads\/2021\/10\/Fespaco-2021.jpg 992w, http:\/\/www.tin-hinane.org\/wp-content\/uploads\/2021\/10\/Fespaco-2021-300x225.jpg 300w, http:\/\/www.tin-hinane.org\/wp-content\/uploads\/2021\/10\/Fespaco-2021-768x576.jpg 768w, http:\/\/www.tin-hinane.org\/wp-content\/uploads\/2021\/10\/Fespaco-2021-960x720.jpg 960w, http:\/\/www.tin-hinane.org\/wp-content\/uploads\/2021\/10\/Fespaco-2021-600x450.jpg 600w\" sizes=\"auto, (max-width: 992px) 100vw, 992px\" \/><figcaption><em>Des membres du r\u00e9seau Tin Hinan apr\u00e8s la projection du documentaire &#8220;Marcher sur l&#8217;eau&#8221;, Vendredi 22 Octobre 2021 <\/em><\/figcaption><\/figure><\/div>\n\n\n\n<p><\/p>\n","protected":false},"excerpt":{"rendered":"<p>La 27\u00e8me \u00e9dition du Festival Panafricain du Cin\u00e9ma de Ouagadougou (FESPACO) s\u2019est tenu du 16 au 23 Octobre sous le th\u00e8me \u00ab\u00a0Cin\u00e9ma d\u2019Afrique et de la diaspora, nouveaux talents, nouveaux d\u00e9fis\u00a0\u00bb. Comme \u00e0 chaque \u00e9dition, plusieurs \u0153uvres sont en comp\u00e9tition<\/p>\n","protected":false},"author":6,"featured_media":0,"comment_status":"open","ping_status":"open","sticky":false,"template":"","format":"standard","meta":{"footnotes":""},"categories":[36,31,33],"tags":[],"class_list":["post-708","post","type-post","status-publish","format-standard","hentry","category-droits-humains","category-environnement","category-international"],"_links":{"self":[{"href":"http:\/\/www.tin-hinane.org\/index.php\/wp-json\/wp\/v2\/posts\/708","targetHints":{"allow":["GET"]}}],"collection":[{"href":"http:\/\/www.tin-hinane.org\/index.php\/wp-json\/wp\/v2\/posts"}],"about":[{"href":"http:\/\/www.tin-hinane.org\/index.php\/wp-json\/wp\/v2\/types\/post"}],"author":[{"embeddable":true,"href":"http:\/\/www.tin-hinane.org\/index.php\/wp-json\/wp\/v2\/users\/6"}],"replies":[{"embeddable":true,"href":"http:\/\/www.tin-hinane.org\/index.php\/wp-json\/wp\/v2\/comments?post=708"}],"version-history":[{"count":5,"href":"http:\/\/www.tin-hinane.org\/index.php\/wp-json\/wp\/v2\/posts\/708\/revisions"}],"predecessor-version":[{"id":714,"href":"http:\/\/www.tin-hinane.org\/index.php\/wp-json\/wp\/v2\/posts\/708\/revisions\/714"}],"wp:attachment":[{"href":"http:\/\/www.tin-hinane.org\/index.php\/wp-json\/wp\/v2\/media?parent=708"}],"wp:term":[{"taxonomy":"category","embeddable":true,"href":"http:\/\/www.tin-hinane.org\/index.php\/wp-json\/wp\/v2\/categories?post=708"},{"taxonomy":"post_tag","embeddable":true,"href":"http:\/\/www.tin-hinane.org\/index.php\/wp-json\/wp\/v2\/tags?post=708"}],"curies":[{"name":"wp","href":"https:\/\/api.w.org\/{rel}","templated":true}]}}