{"id":653,"date":"2021-05-07T04:38:58","date_gmt":"2021-05-07T04:38:58","guid":{"rendered":"http:\/\/www.tin-hinane.org\/?p=653"},"modified":"2022-03-07T23:28:05","modified_gmt":"2022-03-07T23:28:05","slug":"dialogue-regionaux-en-preparation-a-la-vingtieme-session-de-linstance-permanente-des-nations-unies-sur-les-questions-autochtones","status":"publish","type":"post","link":"http:\/\/www.tin-hinane.org\/index.php\/2021\/05\/07\/dialogue-regionaux-en-preparation-a-la-vingtieme-session-de-linstance-permanente-des-nations-unies-sur-les-questions-autochtones\/","title":{"rendered":"Dialogue r\u00e9gionaux en pr\u00e9paration \u00e0 la Vingti\u00e8me Session de l&#8217;Instance Permanente des Nations Unies sur les Questions Autochtones"},"content":{"rendered":"<p>&nbsp;<\/p>\n<figure id=\"attachment_656\" aria-describedby=\"caption-attachment-656\" style=\"width: 549px\" class=\"wp-caption aligncenter\"><img loading=\"lazy\" decoding=\"async\" class=\"wp-image-656 \" src=\"http:\/\/www.tin-hinane.org\/wp-content\/uploads\/2021\/05\/E8E783BB-2E99-44E2-AD27-123707C024FA.jpeg\" alt=\"\" width=\"549\" height=\"411\" srcset=\"http:\/\/www.tin-hinane.org\/wp-content\/uploads\/2021\/05\/E8E783BB-2E99-44E2-AD27-123707C024FA.jpeg 1080w, http:\/\/www.tin-hinane.org\/wp-content\/uploads\/2021\/05\/E8E783BB-2E99-44E2-AD27-123707C024FA-300x225.jpeg 300w, http:\/\/www.tin-hinane.org\/wp-content\/uploads\/2021\/05\/E8E783BB-2E99-44E2-AD27-123707C024FA-768x575.jpeg 768w, http:\/\/www.tin-hinane.org\/wp-content\/uploads\/2021\/05\/E8E783BB-2E99-44E2-AD27-123707C024FA-1024x767.jpeg 1024w, http:\/\/www.tin-hinane.org\/wp-content\/uploads\/2021\/05\/E8E783BB-2E99-44E2-AD27-123707C024FA-960x719.jpeg 960w, http:\/\/www.tin-hinane.org\/wp-content\/uploads\/2021\/05\/E8E783BB-2E99-44E2-AD27-123707C024FA-600x449.jpeg 600w\" sizes=\"auto, (max-width: 549px) 100vw, 549px\" \/><figcaption id=\"caption-attachment-656\" class=\"wp-caption-text\">Jeunes femmes Peuls et Chet Tamasheq (Touareg), membres de Tin Hinan et OAFA-Afrique de l&#8217;Ouest au Niger lisant leur d\u00e9claration<\/figcaption><\/figure>\n<p><span style=\"font-weight: 400;\">En pr\u00e9paration de sa Vingti\u00e8me Session, l\u2019Instance Permanente des Nations-unies sur les Questions Autochtones (IPNUQA), a tenu des dialogues avec les\u00a0 Peuples Autochtones (PA) des sept r\u00e9gions socio-culturelles, les \u00c9tats membres des Nations Unies (NU) et les agences, fonds et programmes des NU.L\u2019Association pour l\u2019\u00c9panouissement de la femme nomade a particip\u00e9 \u00e0 ses dialogues, notamment celui de la <a href=\"https:\/\/www.facebook.com\/unpfii\/videos\/unpfii-regional-dialogue-africa-day-1\/491847471944611\/\">de la r\u00e9gion Afrique<\/a>\u00a0\u00a0qui a eu lieu les 14 et 15 avril 2021 sur la plateforme virtuelle Zoom.En effet, nos membres des 3 pays sah\u00e9liens: Burkina Faso, Mali et Niger ont brav\u00e9 le soleil, l\u2019ins\u00e9curit\u00e9 et les d\u00e9fis de connection et d\u2019accessibilit\u00e9 internet pour faire entendre leurs pr\u00e9occupations en tant que femmes nomades, celles de leurs peuples et de leur r\u00e9gions.Parmi ces pr\u00e9occupations, il y a l&#8217;ins\u00e9curit\u00e9 grandissante au Sahel, l\u2019impact du changement climatique et des \u00e9v\u00e8nements climatiques dans cette r\u00e9gion d\u00e9j\u00e0 tr\u00e8s aride.Elles ont \u00e9galement insist\u00e9 d&#8217;une part sur l\u2019impact de la pand\u00e9mie de la Covid-19 sur l\u2019acc\u00e8s aux march\u00e9s, notamment de b\u00e9tails d&#8217;autre part sur les cons\u00e9quences des menaces pr\u00e9cit\u00e9es sur leur sant\u00e9 et bien-\u00eatre y compris l\u2019exposition aux violences bas\u00e9es sur le genre.Ce dialogue a aussi permis \u00e0 notre association de mettre l\u2019accent sur l\u2019urgence de faciliter la participation des PA dans les prises de d\u00e9cisions, notamment les femmes et ceux vivants dans des zones \u00e9loign\u00e9es ayant un acc\u00e8s limit\u00e9 au r\u00e9seau internet, \u00e9tant peu ou pas du tout habilet\u00e9 \u00e0 travailler avec des outils num\u00e9riques.Nos membres ont aussi partag\u00e9 avec l\u2019audience les bonnes pratiques qu\u2019elles ont mises en oeuvre en tant que femmes de la zone sah\u00e9lienne, par exemple, pour \u00a0face au changement climatique et en r\u00e9ponse \u00e0 la pand\u00e9mie.<\/span><\/p>\n<p>Alors que nous saluons la grande participation des PA de notre r\u00e9gion Afrique \u00e0 ce dialogue venant de toutes nos sous-r\u00e9gions, la contribution des NU par le \u00a0Secr\u00e9tariat de <a href=\"https:\/\/www.un.org\/development\/desa\/indigenouspeoples\/news\/2021\/04\/regional-dialogue-on-africa-14-and-15-april-2021\/\">l&#8217;IPSDB-UNFPII,<\/a> le <a href=\"https:\/\/www.ohchr.org\/EN\/Issues\/IPeoples\/Pages\/IndigenousPeoplesIndex.aspx\">Secr\u00e9tariat de OHCHR<\/a> et <a href=\"https:\/\/www.unwomen.org\/fr\">ONU-Femmes<\/a>, nous regrettons l&#8217;absence des \u00c9tats africains, \u00e0 qui nous tendons la main afin de relever ensemble nos d\u00e9fis.<\/p>\n<figure id=\"attachment_655\" aria-describedby=\"caption-attachment-655\" style=\"width: 656px\" class=\"wp-caption alignnone\"><img loading=\"lazy\" decoding=\"async\" class=\"wp-image-655 size-full\" src=\"http:\/\/www.tin-hinane.org\/wp-content\/uploads\/2021\/05\/Photo-Dialogue-Afrique-15-avril-2021.png\" alt=\"\" width=\"656\" height=\"672\" srcset=\"http:\/\/www.tin-hinane.org\/wp-content\/uploads\/2021\/05\/Photo-Dialogue-Afrique-15-avril-2021.png 656w, http:\/\/www.tin-hinane.org\/wp-content\/uploads\/2021\/05\/Photo-Dialogue-Afrique-15-avril-2021-293x300.png 293w, http:\/\/www.tin-hinane.org\/wp-content\/uploads\/2021\/05\/Photo-Dialogue-Afrique-15-avril-2021-600x615.png 600w\" sizes=\"auto, (max-width: 656px) 100vw, 656px\" \/><figcaption id=\"caption-attachment-655\" class=\"wp-caption-text\">Participant.e.s session2. du Dialogue Afrique.<\/figcaption><\/figure>\n","protected":false},"excerpt":{"rendered":"<p>&nbsp; En pr\u00e9paration de sa Vingti\u00e8me Session, l\u2019Instance Permanente des Nations-unies sur les Questions Autochtones (IPNUQA), a tenu des dialogues avec les\u00a0 Peuples Autochtones (PA) des sept r\u00e9gions socio-culturelles, les \u00c9tats membres des Nations Unies (NU) et les agences, fonds<\/p>\n","protected":false},"author":4,"featured_media":0,"comment_status":"open","ping_status":"open","sticky":false,"template":"","format":"image","meta":{"footnotes":""},"categories":[36,6,33],"tags":[],"class_list":["post-653","post","type-post","status-publish","format-image","hentry","category-droits-humains","category-humanitaire","category-international","post_format-post-format-image"],"_links":{"self":[{"href":"http:\/\/www.tin-hinane.org\/index.php\/wp-json\/wp\/v2\/posts\/653","targetHints":{"allow":["GET"]}}],"collection":[{"href":"http:\/\/www.tin-hinane.org\/index.php\/wp-json\/wp\/v2\/posts"}],"about":[{"href":"http:\/\/www.tin-hinane.org\/index.php\/wp-json\/wp\/v2\/types\/post"}],"author":[{"embeddable":true,"href":"http:\/\/www.tin-hinane.org\/index.php\/wp-json\/wp\/v2\/users\/4"}],"replies":[{"embeddable":true,"href":"http:\/\/www.tin-hinane.org\/index.php\/wp-json\/wp\/v2\/comments?post=653"}],"version-history":[{"count":3,"href":"http:\/\/www.tin-hinane.org\/index.php\/wp-json\/wp\/v2\/posts\/653\/revisions"}],"predecessor-version":[{"id":659,"href":"http:\/\/www.tin-hinane.org\/index.php\/wp-json\/wp\/v2\/posts\/653\/revisions\/659"}],"wp:attachment":[{"href":"http:\/\/www.tin-hinane.org\/index.php\/wp-json\/wp\/v2\/media?parent=653"}],"wp:term":[{"taxonomy":"category","embeddable":true,"href":"http:\/\/www.tin-hinane.org\/index.php\/wp-json\/wp\/v2\/categories?post=653"},{"taxonomy":"post_tag","embeddable":true,"href":"http:\/\/www.tin-hinane.org\/index.php\/wp-json\/wp\/v2\/tags?post=653"}],"curies":[{"name":"wp","href":"https:\/\/api.w.org\/{rel}","templated":true}]}}