{"id":645,"date":"2021-03-27T18:37:08","date_gmt":"2021-03-27T18:37:08","guid":{"rendered":"http:\/\/www.tin-hinane.org\/?p=645"},"modified":"2022-03-07T23:27:39","modified_gmt":"2022-03-07T23:27:39","slug":"la-journee-internationale-des-droits-de-la-femme-2021","status":"publish","type":"post","link":"http:\/\/www.tin-hinane.org\/index.php\/2021\/03\/27\/la-journee-internationale-des-droits-de-la-femme-2021\/","title":{"rendered":"La journ\u00e9e internationale des droits de la femme 2021"},"content":{"rendered":"<p><b><i>\u00ab\u00a0Si nous ne plaidons pas, nos droits resteront dans les tiroirs<\/i><\/b><b>\u00a0\u00bb, Saoudata Aboubacrine, SG de l\u2019association Tin Hinan<\/b><\/p>\n<p>Secr\u00e9taire g\u00e9n\u00e9rale de l\u2019association Tin Hinan, Saoudata Aboubacrine compte participer \u00e0 la c\u00e9r\u00e9monie officielle du 08 mars avant d\u2019aller passer l\u2019apr\u00e8s-midi avec les femmes r\u00e9fugi\u00e9es et d\u00e9plac\u00e9es. \u00ab\u00a0<i>Je serais avec ces femmes pour leur remonter le moral, causer avec elles et connaitre aussi leurs opinions sur le 08 mars 2021<\/i>\u00a0\u00bb, fait-elle savoir.<\/p>\n<p>Concernant le th\u00e8me de la 164\u00e8me\u00a0Journ\u00e9e internationale de la femme, Saoudata estime qu\u2019il est bon de pr\u00e9voir l\u2019inclusion par le num\u00e9rique mais cela doit \u00eatre adapt\u00e9e \u00e0 la r\u00e9alit\u00e9 du grand nombre de femmes rurales qui n\u2019est pas connect\u00e9. Cette inclusion, selon elle, passe donc par la prise en compte de la situation des femmes rurales et ce de fa\u00e7on appropri\u00e9. \u00ab\u00a0<i>Il faut tenir compte du fait que certaines n\u2019ont m\u00eame pas acc\u00e8s au r\u00e9seau t\u00e9l\u00e9phonique, \u00e0 fortiori internet ou appareil android<\/i>\u00a0\u00bb.\u00a0 La crainte de la secr\u00e9taire g\u00e9n\u00e9rale de Tin Hinan, c\u2019est que le th\u00e8me actuel n\u2019augmente les in\u00e9galit\u00e9s entre les femmes. \u00ab\u00a0<i>Ce sont seulement les femmes connect\u00e9es qui pourront avoir acc\u00e8s aux opportunit\u00e9s qui vont avec cette digitalisation au d\u00e9triment des autres<\/i>\u00a0\u00bb, d\u00e9plore Saoudata Aboubacrine.<\/p>\n<p>A l\u2019endroit des femmes, la secr\u00e9taire g\u00e9n\u00e9rale de Tin Hinan lance :\u00a0<i>\u00ab\u00a0C\u2019est \u00e0 nous d\u2019\u00eatre pers\u00e9v\u00e9rante et de faire valoir nos droits. Si nous ne plaidons pas, nos droits resteront dans les tiroirs. Il faut donc qu\u2019on y croit et qu\u2019on continue \u00e0 lutter\u00a0\u00bb<\/i>.<\/p>\n<p><a href=\"https:\/\/queenmafa.net\/inclusion-financiere-par-le-numerique-ce-quen-disent-les-femmes\/\">https:\/\/queenmafa.net\/inclusion-financiere-par-le-numerique-ce-quen-disent-les-femmes\/\u00a0\u00a0<\/a><\/p>\n<p><a style=\"font-size: 1rem;\" href=\"https:\/\/queenmafa.net\/inclusion-financiere-par-le-numerique-ce-quen-disent-les-femmes\/\"><img loading=\"lazy\" decoding=\"async\" class=\"alignnone  wp-image-648\" src=\"http:\/\/www.tin-hinane.org\/wp-content\/uploads\/2021\/03\/Tin-Hinan-f\u00eate-le-08-mars-2021-avec-les-femmes-deplac\u00e9es-et-refugi\u00e9es-\u00e0-Ouagadougou-300x225.jpg\" alt=\"\" width=\"477\" height=\"358\" srcset=\"http:\/\/www.tin-hinane.org\/wp-content\/uploads\/2021\/03\/Tin-Hinan-f\u00eate-le-08-mars-2021-avec-les-femmes-deplac\u00e9es-et-refugi\u00e9es-\u00e0-Ouagadougou-300x225.jpg 300w, http:\/\/www.tin-hinane.org\/wp-content\/uploads\/2021\/03\/Tin-Hinan-f\u00eate-le-08-mars-2021-avec-les-femmes-deplac\u00e9es-et-refugi\u00e9es-\u00e0-Ouagadougou-768x575.jpg 768w, http:\/\/www.tin-hinane.org\/wp-content\/uploads\/2021\/03\/Tin-Hinan-f\u00eate-le-08-mars-2021-avec-les-femmes-deplac\u00e9es-et-refugi\u00e9es-\u00e0-Ouagadougou-1024x767.jpg 1024w, http:\/\/www.tin-hinane.org\/wp-content\/uploads\/2021\/03\/Tin-Hinan-f\u00eate-le-08-mars-2021-avec-les-femmes-deplac\u00e9es-et-refugi\u00e9es-\u00e0-Ouagadougou-960x719.jpg 960w, http:\/\/www.tin-hinane.org\/wp-content\/uploads\/2021\/03\/Tin-Hinan-f\u00eate-le-08-mars-2021-avec-les-femmes-deplac\u00e9es-et-refugi\u00e9es-\u00e0-Ouagadougou-600x449.jpg 600w, http:\/\/www.tin-hinane.org\/wp-content\/uploads\/2021\/03\/Tin-Hinan-f\u00eate-le-08-mars-2021-avec-les-femmes-deplac\u00e9es-et-refugi\u00e9es-\u00e0-Ouagadougou.jpg 1080w\" sizes=\"auto, (max-width: 477px) 100vw, 477px\" \/><\/a><img loading=\"lazy\" decoding=\"async\" class=\"alignnone  wp-image-647\" style=\"font-size: 1rem;\" src=\"http:\/\/www.tin-hinane.org\/wp-content\/uploads\/2021\/03\/Tin-Hinan-f\u00eate-08-mars-2021-avec-les-femmes-deplac\u00e9es-300x225.jpg\" alt=\"\" width=\"477\" height=\"358\" srcset=\"http:\/\/www.tin-hinane.org\/wp-content\/uploads\/2021\/03\/Tin-Hinan-f\u00eate-08-mars-2021-avec-les-femmes-deplac\u00e9es-300x225.jpg 300w, http:\/\/www.tin-hinane.org\/wp-content\/uploads\/2021\/03\/Tin-Hinan-f\u00eate-08-mars-2021-avec-les-femmes-deplac\u00e9es-768x575.jpg 768w, http:\/\/www.tin-hinane.org\/wp-content\/uploads\/2021\/03\/Tin-Hinan-f\u00eate-08-mars-2021-avec-les-femmes-deplac\u00e9es-1024x767.jpg 1024w, http:\/\/www.tin-hinane.org\/wp-content\/uploads\/2021\/03\/Tin-Hinan-f\u00eate-08-mars-2021-avec-les-femmes-deplac\u00e9es-960x719.jpg 960w, http:\/\/www.tin-hinane.org\/wp-content\/uploads\/2021\/03\/Tin-Hinan-f\u00eate-08-mars-2021-avec-les-femmes-deplac\u00e9es-600x449.jpg 600w, http:\/\/www.tin-hinane.org\/wp-content\/uploads\/2021\/03\/Tin-Hinan-f\u00eate-08-mars-2021-avec-les-femmes-deplac\u00e9es.jpg 1080w\" sizes=\"auto, (max-width: 477px) 100vw, 477px\" \/><\/p>\n<div style=\"width: 352px;\" class=\"wp-video\"><video class=\"wp-video-shortcode\" id=\"video-645-1\" width=\"352\" height=\"448\" preload=\"metadata\" controls=\"controls\"><source type=\"video\/mp4\" src=\"http:\/\/www.tin-hinane.org\/wp-content\/uploads\/2021\/03\/Reportage-08-mars-2021-par-TINA-avec-les-femmes-deplac\u00e9es-et-r\u00e9fugi\u00e9es-Maliennes-et-Burkinab\u00e8-Ouagadougou-BF.mp4?_=1\" \/><a href=\"http:\/\/www.tin-hinane.org\/wp-content\/uploads\/2021\/03\/Reportage-08-mars-2021-par-TINA-avec-les-femmes-deplac\u00e9es-et-r\u00e9fugi\u00e9es-Maliennes-et-Burkinab\u00e8-Ouagadougou-BF.mp4\">http:\/\/www.tin-hinane.org\/wp-content\/uploads\/2021\/03\/Reportage-08-mars-2021-par-TINA-avec-les-femmes-deplac\u00e9es-et-r\u00e9fugi\u00e9es-Maliennes-et-Burkinab\u00e8-Ouagadougou-BF.mp4<\/a><\/video><\/div>\n<p>&nbsp;<\/p>\n","protected":false},"excerpt":{"rendered":"<p>\u00ab\u00a0Si nous ne plaidons pas, nos droits resteront dans les tiroirs\u00a0\u00bb, Saoudata Aboubacrine, SG de l\u2019association Tin Hinan Secr\u00e9taire g\u00e9n\u00e9rale de l\u2019association Tin Hinan, Saoudata Aboubacrine compte participer \u00e0 la c\u00e9r\u00e9monie officielle du 08 mars avant d\u2019aller passer l\u2019apr\u00e8s-midi avec<\/p>\n","protected":false},"author":3,"featured_media":0,"comment_status":"open","ping_status":"open","sticky":false,"template":"","format":"standard","meta":{"footnotes":""},"categories":[36],"tags":[],"class_list":["post-645","post","type-post","status-publish","format-standard","hentry","category-droits-humains"],"_links":{"self":[{"href":"http:\/\/www.tin-hinane.org\/index.php\/wp-json\/wp\/v2\/posts\/645","targetHints":{"allow":["GET"]}}],"collection":[{"href":"http:\/\/www.tin-hinane.org\/index.php\/wp-json\/wp\/v2\/posts"}],"about":[{"href":"http:\/\/www.tin-hinane.org\/index.php\/wp-json\/wp\/v2\/types\/post"}],"author":[{"embeddable":true,"href":"http:\/\/www.tin-hinane.org\/index.php\/wp-json\/wp\/v2\/users\/3"}],"replies":[{"embeddable":true,"href":"http:\/\/www.tin-hinane.org\/index.php\/wp-json\/wp\/v2\/comments?post=645"}],"version-history":[{"count":1,"href":"http:\/\/www.tin-hinane.org\/index.php\/wp-json\/wp\/v2\/posts\/645\/revisions"}],"predecessor-version":[{"id":650,"href":"http:\/\/www.tin-hinane.org\/index.php\/wp-json\/wp\/v2\/posts\/645\/revisions\/650"}],"wp:attachment":[{"href":"http:\/\/www.tin-hinane.org\/index.php\/wp-json\/wp\/v2\/media?parent=645"}],"wp:term":[{"taxonomy":"category","embeddable":true,"href":"http:\/\/www.tin-hinane.org\/index.php\/wp-json\/wp\/v2\/categories?post=645"},{"taxonomy":"post_tag","embeddable":true,"href":"http:\/\/www.tin-hinane.org\/index.php\/wp-json\/wp\/v2\/tags?post=645"}],"curies":[{"name":"wp","href":"https:\/\/api.w.org\/{rel}","templated":true}]}}