{"id":574,"date":"2019-04-12T12:29:17","date_gmt":"2019-04-12T12:29:17","guid":{"rendered":"http:\/\/www.tin-hinane.org\/?p=574"},"modified":"2022-03-07T23:24:45","modified_gmt":"2022-03-07T23:24:45","slug":"3e-edition-du-festival-vivre-ensemble","status":"publish","type":"post","link":"http:\/\/www.tin-hinane.org\/index.php\/2019\/04\/12\/3e-edition-du-festival-vivre-ensemble\/","title":{"rendered":"3\u00e8 \u00e9dition du Festival Vivre Ensemble"},"content":{"rendered":"<p><strong>3\u00e8 \u00e9dition du Festival Vivre Ensemble<\/strong><\/p>\n<p><strong>Avec la participation remarqu\u00e9e de Tin Hinan<\/strong><\/p>\n<p>&nbsp;<\/p>\n<p><strong><em>La 3\u00e8 \u00e9dition du Festival Vivre Ensemble s\u2019est tenu du 8 au 12 f\u00e9vrier 2019 \u00e0 Tombouctou au Mali, pour promouvoir le vivre ensemble et la coh\u00e9sion sociale. Avec TIN HINAN, partenaire du Festival.<\/em><\/strong><\/p>\n<p>En participant au Festival Vivre Ensemble, Tin Hinan se convainc qu\u2019il faut renforcer les relations entre les communaut\u00e9s, condition sine qua non d\u2019un monde de paix et d\u2019entraide mutuelle. C\u2018est mue par cette vision de mutualisation des valeurs, qu\u2019elle s\u2019est associ\u00e9 ses organisations partenaires relais dans la r\u00e9gion de Tombouctou dont le partenaire local de Tin Hinan, l\u2019ONG ADJMOR, le groupement de femme de Tiboraghen, le groupement de la sentinelle Kata de Tombouctou.<\/p>\n<p>La participation de Tin Hinan a \u00e9t\u00e9 marqu\u00e9e par deux (02) activit\u00e9s majeures\u00a0: Tout d\u2019abord, le Forum Paix, tenu le 09 f\u00e9vrier \u00e0 la maire de Tombouctou, dans le cadre du programme des forums d\u00e9bat du Festival. Au cours de ce forum, Saoudata Walet ABOUBACRINE, coordinatrice de l\u2019association Tin Hinan Burkina Sahel et pan\u00e9liste, \u00a0a partag\u00e9 son exp\u00e9rience et ses connaissances sur les questions du vivre ensemble, du d\u00e9veloppement et de l\u2019humanitaire.<\/p>\n<p>Il s\u2019est agi notamment des comp\u00e9tences acquises .par les femmes du sahel burkinab\u00e9 et du Nord Mali, dans le cadre de la pr\u00e9vention et de la gestion des conflits (n\u00e9gociations, m\u00e9diations, cr\u00e9ation et animation des comit\u00e9s de veille) dans les initiatives de paix et de s\u00e9curit\u00e9. Des comp\u00e9tences somme toute acquises selon elle, gr\u00e2ce\u00a0 \u00e0 la ligne directrice Femme et paix au sahel\u00a0 de l\u2019Union europ\u00e9enne.<\/p>\n<p>Invitant tous les acteurs \u00e0 redoubler d\u2019efforts afin d\u2019assurer une pleine participation des femmes et des jeunes \u00e0 la promotion des valeurs ch\u00e8res \u00e0 la paix, Mme. Aboubacrine a inform\u00e9 \u00a0de la cr\u00e9ation\u00a0 le 12 juillet 2016 de la coalition des femmes du Sahel pour la paix\u00bb mise en place dans le cadre du<\/p>\n<p>Projet \u00ab les Femmes s\u2019organisent pour r\u00e9tablir la coh\u00e9sion sociale et l&#8217;entente \u00bb (FORCE) par l\u2019association Tin Hinane, GREFFA et Handicap International. Elle vise une meilleure repr\u00e9sentativit\u00e9 et implication des femmes Rurales et pastorales dans les initiatives de paix.<\/p>\n<p>Pour la deuxi\u00e8me activit\u00e9 qui a connu la participation effective de Tin Hinan, il s\u2019est agi d\u2019une table ronde tenue le 11 f\u00e9vrier au caf\u00e9 jeunesse de Tombouctou sous le th\u00e8me\u00a0<strong><em>: \u00ab\u00c9criture \u00e0 Tombouctou \u00e0 travers les \u00e2ges, r\u00f4le des \u00e9crivains dans la promotion de la coh\u00e9sion sociale et la Paix \u00bb<\/em><\/strong>. Ex\u00e9cut\u00e9 par Tin Hinane, Greffa et Handicap International.<\/p>\n<p>Le repr\u00e9sentant l\u2019association Tin Hinan au\u00a0 Panel de cet \u00e9v\u00e8nement Hamadi ag Abba, a inform\u00e9 le public de l\u2019int\u00e9r\u00eat de la promotion des langues autochtones. Il a relay\u00e9 les informations communiqu\u00e9es par l\u2019UNESCO et la pr\u00e9sidente de l\u2019instance permanente des nations Unies Mariam Walet Aboubacrine, qui a fait une communication lors du lancement le 1<sup>er<\/sup> f\u00e9vrier 2019 \u00e0 New York, de l\u2019Ann\u00e9e Mondiale des langues autochtones et en a profit\u00e9 pour promouvoir les activit\u00e9s du Festival vivre ensemble de Tombouctou.<\/p>\n<p>Quant \u00e0 la derni\u00e8re activit\u00e9 ayant engag\u00e9e Tin Hinan, il s\u2019est agi d\u2019un atelier sur les <em>\u00ab\u00a0Changements climatiques, biodiversit\u00e9s, femmes et Paix\u00a0\u00bb<\/em>, qui s\u2019est tenu le 12 f\u00e9vrier 2019 de 10 h \u00e0 17 h. Introduisant les d\u00e9bats, Mme. Aboubacrine a rappel\u00e9 aux participants que ces activit\u00e9s sont intimement li\u00e9es au festival du vivre ensemble.<\/p>\n<p>A l\u2019occasion, Tin Hinan a invit\u00e9 les repr\u00e9sentants des communaut\u00e9s de Banguikogho, Gargando et Tissikorei ainsi que les services \u00e9tatiques, les autorit\u00e9s administratives et politiques \u00e0 consacrer au moins trois (3) heures de temps \u00e0 l\u2019appropriation du projet\u00a0<em>\u00ab\u00a0Valorisation des savoirs et savoir-faire des femmes pastorales du Sahel dans le domaine de l\u2019att\u00e9nuation et l\u2019adaptation aux changements climatiques \u00bb,<\/em> financ\u00e9 par le Fond AYNI du Forum international des femmes autochtones \u00ab\u00a0FIMI\u00a0\u00bb.<\/p>\n<p>En outre, Mme Saoudata les\u00a0 a rappel\u00e9 les attentes escompt\u00e9es et les a invit\u00e9s \u00e0 \u00e9changer avec les facilitateurs. Saisissant donc l\u2019opportunit\u00e9 qui leur \u00e9tait offerte, les participants ont d\u00e9nonc\u00e9 un certains nombres de fl\u00e9aux qui d\u00e9gradent leur milieu environnemental. C\u2019est ainsi qu\u2019ils ont mis l\u2019accent sur les cons\u00e9quences du changement climatique tels l\u2019ass\u00e8chement des lacs, l\u2019avanc\u00e9e du d\u00e9sert qui, en r\u00e9duisant les ressources, deviennent des sources de conflit.<\/p>\n<p>Aussi ont ont-ils regrett\u00e9 que cette ann\u00e9e, le manque de moyens ne leur a pas permis d\u2019exploiter judicieusement la mont\u00e9e des eaux du lac Faquibine (qui n\u2019a pas connu de crue depuis 20 ans). Et de lancer un appel aux bonnes volont\u00e9s dans ce sens.<\/p>\n<p>F\u00e9licitant les initiateurs du Festival et de l\u2019atelier, le repr\u00e9sentant de la Direction R\u00e9gionale des Eaux et For\u00eats de Tombouctou Manassi Demb\u00e9l\u00e9, a inform\u00e9 les participants de l\u2019existence du Fonds du\u00a0 Delta du Niger concernant Niafounk\u00e9 Goundam et Dir\u00e9. Il a tenu \u00e0 remercier le FIMI et l\u2019association Tin Hinan pour l\u2019appui apport\u00e9 aux communaut\u00e9s du site de Banguikogho, commune de Gargando dans la r\u00e9gion de Tombouctou. En outre, il a soulign\u00e9 au passage que de telles initiatives participent \u00e0 la mise en \u0153uvre des accords de Paris sur les changements climatiques, en particulier au plan d\u2019action Genre et la plate-forme des communaut\u00e9s locales et peuples autochtones.<\/p>\n<p>Et s\u2019il y a eu une tr\u00e8s belle note d\u2019espoir pendant ce 3\u00e8 rendez-vous du donner et du recevoir, c\u2019est bel et bien l\u2019introduction d\u2019un volet humanitaire et cela, gr\u00e2ce au dynamisme des partenaires du Festival Vivre ensemble, au rang desquels Tin Hinan.<\/p>\n<p>Ce volet humanitaire a notamment permis\u00a0:<\/p>\n<ul>\n<li>des consultations gratuites des populations pendant le festival\u00a0;<\/li>\n<li>l\u2019octroi de bourses d\u2019\u00e9tude par l\u2019Ambassade du Canada,<\/li>\n<li>l\u2019octroi de 20 kits socio professionnels pour des jeunes filles et gar\u00e7ons rapatri\u00e9s.<\/li>\n<\/ul>\n<p>Un partenariat que le repr\u00e9sentant du pr\u00e9sident du Conseil R\u00e9gional de Tombouctou, Y\u00e9hia Ciss\u00e9 a salu\u00e9 \u00e0 sa juste valeur, tout en ne manquant pas de louer les actions de Tin Hihan pour le d\u00e9veloppement des communaut\u00e9s et la consolidation de la paix. M Ciss\u00e9 a profit\u00e9 de l\u2019occasion pour informer\u00a0 les acteurs de la soci\u00e9t\u00e9 civile des programmes du Conseil r\u00e9gional, tout en rappelant la disponibilit\u00e9 de son institution \u00e0 les accompagner.<\/p>\n<p>En marge de l\u2019atelier, l\u2019association Tin Hinan et le groupement des femmes de la sentinelle Katta ont profit\u00e9 pour valoriser la production et l\u2019art culinaire de la patte traditionnelle Katta de Tombouctou (patte inventori\u00e9e comme produit sentinelle de Slow food International). Elle a par ailleurs organis\u00e9 deux (02) activ\u00e9es culturelles en faveurs des enfants et des jeunes, notamment une s\u00e9ance de jeux traditionnels et un d\u00e9fil\u00e9 de mode.<\/p>\n<p>Pour rappel, la 3\u00e8 \u00e9dition du Festival Vivre Ensemble, a regroup\u00e9 pendant cinq (05) jours autour d\u2019activit\u00e9 diverses (d\u00e9bats, conf\u00e9rences, consultations m\u00e9dicales gratuites et activit\u00e9s culturelles), un publics large et tr\u00e8s diversifi\u00e9 (autorit\u00e9s administratives, politiques, coutumi\u00e8res et religieuses, repr\u00e9sentants d\u2019organisations internationales et locales, jeunes, femmes et enfants).<\/p>\n<p><strong>Damien Rapha\u00ebl NIKI\u00c8MA<\/strong><\/p>\n<p><strong>\u00a0<\/strong><\/p>\n","protected":false},"excerpt":{"rendered":"<p>3\u00e8 \u00e9dition du Festival Vivre Ensemble Avec la participation remarqu\u00e9e de Tin Hinan &nbsp; La 3\u00e8 \u00e9dition du Festival Vivre Ensemble s\u2019est tenu du 8 au 12 f\u00e9vrier 2019 \u00e0 Tombouctou au Mali, pour promouvoir le vivre ensemble et la<\/p>\n","protected":false},"author":5,"featured_media":0,"comment_status":"open","ping_status":"open","sticky":false,"template":"","format":"standard","meta":{"footnotes":""},"categories":[35],"tags":[],"class_list":["post-574","post","type-post","status-publish","format-standard","hentry","category-paix"],"_links":{"self":[{"href":"http:\/\/www.tin-hinane.org\/index.php\/wp-json\/wp\/v2\/posts\/574","targetHints":{"allow":["GET"]}}],"collection":[{"href":"http:\/\/www.tin-hinane.org\/index.php\/wp-json\/wp\/v2\/posts"}],"about":[{"href":"http:\/\/www.tin-hinane.org\/index.php\/wp-json\/wp\/v2\/types\/post"}],"author":[{"embeddable":true,"href":"http:\/\/www.tin-hinane.org\/index.php\/wp-json\/wp\/v2\/users\/5"}],"replies":[{"embeddable":true,"href":"http:\/\/www.tin-hinane.org\/index.php\/wp-json\/wp\/v2\/comments?post=574"}],"version-history":[{"count":3,"href":"http:\/\/www.tin-hinane.org\/index.php\/wp-json\/wp\/v2\/posts\/574\/revisions"}],"predecessor-version":[{"id":893,"href":"http:\/\/www.tin-hinane.org\/index.php\/wp-json\/wp\/v2\/posts\/574\/revisions\/893"}],"wp:attachment":[{"href":"http:\/\/www.tin-hinane.org\/index.php\/wp-json\/wp\/v2\/media?parent=574"}],"wp:term":[{"taxonomy":"category","embeddable":true,"href":"http:\/\/www.tin-hinane.org\/index.php\/wp-json\/wp\/v2\/categories?post=574"},{"taxonomy":"post_tag","embeddable":true,"href":"http:\/\/www.tin-hinane.org\/index.php\/wp-json\/wp\/v2\/tags?post=574"}],"curies":[{"name":"wp","href":"https:\/\/api.w.org\/{rel}","templated":true}]}}