{"id":551,"date":"2019-01-24T13:51:07","date_gmt":"2019-01-24T13:51:07","guid":{"rendered":"http:\/\/www.tin-hinane.org\/?p=551"},"modified":"2022-03-07T23:23:36","modified_gmt":"2022-03-07T23:23:36","slug":"tin-hinan-une-association-pleinement-engagee-dans-lorganisation-de-la-3ie-edition-du-festival-vivre-ensemble","status":"publish","type":"post","link":"http:\/\/www.tin-hinane.org\/index.php\/2019\/01\/24\/tin-hinan-une-association-pleinement-engagee-dans-lorganisation-de-la-3ie-edition-du-festival-vivre-ensemble\/","title":{"rendered":"TIN HINAN, UNE ASSOCIATION PLEINEMENT ENGAGEE DANS L\u2019ORGANISATION DE LA 3IE EDITION DU FESTIVAL VIVRE ENSEMBLE."},"content":{"rendered":"<p><img loading=\"lazy\" decoding=\"async\" class=\"size-medium wp-image-550 aligncenter\" src=\"http:\/\/www.tin-hinane.org\/wp-content\/uploads\/2019\/01\/IMG-20190111-WA0023-300x225.jpg\" alt=\"\" width=\"300\" height=\"225\" srcset=\"http:\/\/www.tin-hinane.org\/wp-content\/uploads\/2019\/01\/IMG-20190111-WA0023-300x225.jpg 300w, http:\/\/www.tin-hinane.org\/wp-content\/uploads\/2019\/01\/IMG-20190111-WA0023-768x576.jpg 768w, http:\/\/www.tin-hinane.org\/wp-content\/uploads\/2019\/01\/IMG-20190111-WA0023-960x720.jpg 960w, http:\/\/www.tin-hinane.org\/wp-content\/uploads\/2019\/01\/IMG-20190111-WA0023-600x450.jpg 600w, http:\/\/www.tin-hinane.org\/wp-content\/uploads\/2019\/01\/IMG-20190111-WA0023.jpg 1008w\" sizes=\"auto, (max-width: 300px) 100vw, 300px\" \/><\/p>\n<p><strong>L\u2019association TIN HINAN<\/strong> a eu le privil\u00e8ge de se voir se confier <strong>un r\u00f4le dans l\u2019organisation du\u00a0FESTIVAL VIVRE ENSEMBLE<\/strong>.<\/p>\n<p>Une responsabilit\u00e9 accept\u00e9e avec humilit\u00e9 et appr\u00e9ci\u00e9e \u00e0 sa juste valeur par l\u2019Association TIN-HINANE qui travaille d\u2019arrache-pied pour la r\u00e9ussite de cet important rendez-vous qui se tiendra \u00a0du 8 au 12 f\u00e9vrier 2019 dans la cit\u00e9 des 333 saints (Tinbuktu) avec au menu une brochette d\u2019activit\u00e9s culturelles et humanitaires dont\u00a0: un espace d\u2019\u00e9changes sur la coh\u00e9sion sociale et de paix, l&#8217;Ann\u00e9e Internationale\u00a0 des Langues Autochtones(https:\/\/fr.iyil2019.org\/a-propos-de-iyil-2019\/), les changements climatiques, la valorisation des savoirs traditionnelles autochtones d\u00e9tenus et transmis par les femmes, un espace de jeux traditionnels autochtones, un d\u00e9fil\u00e9 de mode traditionnelle, etc\u2026<\/p>\n<p>Pour rappel, le pr\u00e9-lancement de la de la 3i\u00e8 \u00e9dition du festival vivre ensemble a eu lieu \u00e0 Azalai , Grand H\u00f4tel de Bamako, le 11 janvier 2019.<\/p>\n<p><img loading=\"lazy\" decoding=\"async\" class=\"size-medium wp-image-548 aligncenter\" src=\"http:\/\/www.tin-hinane.org\/wp-content\/uploads\/2019\/01\/IMG-20190113-WA0010-300x200.jpg\" alt=\"\" width=\"300\" height=\"200\" srcset=\"http:\/\/www.tin-hinane.org\/wp-content\/uploads\/2019\/01\/IMG-20190113-WA0010-300x200.jpg 300w, http:\/\/www.tin-hinane.org\/wp-content\/uploads\/2019\/01\/IMG-20190113-WA0010-768x512.jpg 768w, http:\/\/www.tin-hinane.org\/wp-content\/uploads\/2019\/01\/IMG-20190113-WA0010-600x400.jpg 600w, http:\/\/www.tin-hinane.org\/wp-content\/uploads\/2019\/01\/IMG-20190113-WA0010.jpg 850w\" sizes=\"auto, (max-width: 300px) 100vw, 300px\" \/><\/p>\n<p>Cette activit\u00e9 enregistra la pr\u00e9sence de plusieurs \u00a0personnalit\u00e9s administratives et politiques notamment, de Mme la Ministre de l\u2019artisanat\u00a0 et du Tourisme, Mme Nina Walet Intallou, repr\u00e9sent\u00e9e par son\u00a0 Chef de Cabinet, le Maire de la commune urbaine de Tombouctou, Boubacar Ould Hamadi, le Pr\u00e9sident de l&#8217;autorit\u00e9 int\u00e9rimaire de Tombouctou M. Baba Sa\u00efd BALLY dit HANKOYE, le Pr\u00e9sident de Lions Club R\u00e9gion 12, M. Elhadj Baba HA\u00cfDARA dit Sandi, le Directeur du Festival M. Salaha Maiga.<\/p>\n<p>Toutes et tous \u00e0 Tombouctou du 8 au 12 f\u00e9vrier pour le vivre ensemble\u00a0!<\/p>\n<p style=\"text-align: right;\"><strong>Bamako, le 12 janvier 2019<\/strong><\/p>\n<p style=\"text-align: right;\"><strong>ABOUBACRINE AGOUBA<\/strong><\/p>\n","protected":false},"excerpt":{"rendered":"<p>L\u2019association TIN HINAN a eu le privil\u00e8ge de se voir se confier un r\u00f4le dans l\u2019organisation du\u00a0FESTIVAL VIVRE ENSEMBLE. Une responsabilit\u00e9 accept\u00e9e avec humilit\u00e9 et appr\u00e9ci\u00e9e \u00e0 sa juste valeur par l\u2019Association TIN-HINANE qui travaille d\u2019arrache-pied pour la r\u00e9ussite de<\/p>\n","protected":false},"author":5,"featured_media":0,"comment_status":"open","ping_status":"open","sticky":false,"template":"","format":"standard","meta":{"footnotes":""},"categories":[35],"tags":[],"class_list":["post-551","post","type-post","status-publish","format-standard","hentry","category-paix"],"_links":{"self":[{"href":"http:\/\/www.tin-hinane.org\/index.php\/wp-json\/wp\/v2\/posts\/551","targetHints":{"allow":["GET"]}}],"collection":[{"href":"http:\/\/www.tin-hinane.org\/index.php\/wp-json\/wp\/v2\/posts"}],"about":[{"href":"http:\/\/www.tin-hinane.org\/index.php\/wp-json\/wp\/v2\/types\/post"}],"author":[{"embeddable":true,"href":"http:\/\/www.tin-hinane.org\/index.php\/wp-json\/wp\/v2\/users\/5"}],"replies":[{"embeddable":true,"href":"http:\/\/www.tin-hinane.org\/index.php\/wp-json\/wp\/v2\/comments?post=551"}],"version-history":[{"count":4,"href":"http:\/\/www.tin-hinane.org\/index.php\/wp-json\/wp\/v2\/posts\/551\/revisions"}],"predecessor-version":[{"id":571,"href":"http:\/\/www.tin-hinane.org\/index.php\/wp-json\/wp\/v2\/posts\/551\/revisions\/571"}],"wp:attachment":[{"href":"http:\/\/www.tin-hinane.org\/index.php\/wp-json\/wp\/v2\/media?parent=551"}],"wp:term":[{"taxonomy":"category","embeddable":true,"href":"http:\/\/www.tin-hinane.org\/index.php\/wp-json\/wp\/v2\/categories?post=551"},{"taxonomy":"post_tag","embeddable":true,"href":"http:\/\/www.tin-hinane.org\/index.php\/wp-json\/wp\/v2\/tags?post=551"}],"curies":[{"name":"wp","href":"https:\/\/api.w.org\/{rel}","templated":true}]}}